{"id":2018,"date":"2010-10-20T12:00:59","date_gmt":"2010-10-20T12:00:59","guid":{"rendered":"http:\/\/escolapatinatge.com\/?p=2018"},"modified":"2010-10-20T12:00:59","modified_gmt":"2010-10-20T12:00:59","slug":"30-de-setembre-i-2-doctubre-no-hi-haur%c3%a0-classes-3","status":"publish","type":"post","link":"https:\/\/escolapatinatge.com\/ca\/30-de-setembre-i-2-doctubre-no-hi-haur%c3%a0-classes-3\/","title":{"rendered":"30 de setembre i 2 d&#039;octubre no hi haur\u00e0 classes"},"content":{"rendered":"<p>Tot i que no s\u00f3n festes, el dijous 30 de setembre i dissabte 2 d&#8217;octubre no hi haur\u00e0 classes de patinatge a l&#8217;Estaci\u00f3 del Nord ja que amb motiu de la Fira del Disc les pistas estaran ocupades.<br \/>\nAfegiu siusplau aquests dos dies a la llista de festius del curs (que podeu consultar al nostre calendari). Per descomptat podeu recuperar aquestes clases qualsevol altre dia en el seu mes corresponent.<br \/>\nDisculpeu les  mol\u00e8sties que aix\u00f2 us pugui ocasionar.<\/p>\n","protected":false},"excerpt":{"rendered":"<p>Tot i que no s\u00f3n festes, el dijous 30 de setembre i dissabte 2 d&#8217;octubre no hi haur\u00e0 classes de patinatge a l&#8217;Estaci\u00f3 del Nord ja que amb motiu de la Fira del Disc les pistas estaran ocupades. Afegiu siusplau aquests dos dies a la llista de festius del curs (que podeu consultar al nostre [&hellip;]<\/p>\n","protected":false},"author":1,"featured_media":0,"comment_status":"open","ping_status":"open","sticky":false,"template":"","format":"standard","meta":{"_mi_skip_tracking":false,"_monsterinsights_sitenote_active":false,"_monsterinsights_sitenote_note":"","_monsterinsights_sitenote_category":0},"categories":[1],"tags":[],"yoast_head":"<!-- This site is optimized with the Yoast SEO plugin v20.8 - https:\/\/yoast.com\/wordpress\/plugins\/seo\/ -->\n<title>30 de setembre i 2 d&#039;octubre no hi haur\u00e0 classes - Escola Oficial Patinatge Inline<\/title>\n<meta name=\"robots\" content=\"index, follow, max-snippet:-1, max-image-preview:large, max-video-preview:-1\" \/>\n<link rel=\"canonical\" href=\"https:\/\/escolapatinatge.com\/ca\/30-de-setembre-i-2-doctubre-no-hi-haur\u00e0-classes-3\/\" \/>\n<meta property=\"og:locale\" content=\"ca_ES\" \/>\n<meta property=\"og:type\" content=\"article\" \/>\n<meta property=\"og:title\" content=\"30 de setembre i 2 d&#039;octubre no hi haur\u00e0 classes - Escola Oficial Patinatge Inline\" \/>\n<meta property=\"og:description\" content=\"Tot i que no s\u00f3n festes, el dijous 30 de setembre i dissabte 2 d&#8217;octubre no hi haur\u00e0 classes de patinatge a l&#8217;Estaci\u00f3 del Nord ja que amb motiu de la Fira del Disc les pistas estaran ocupades. Afegiu siusplau aquests dos dies a la llista de festius del curs (que podeu consultar al nostre [&hellip;]\" \/>\n<meta property=\"og:url\" content=\"https:\/\/escolapatinatge.com\/ca\/30-de-setembre-i-2-doctubre-no-hi-haur\u00e0-classes-3\/\" \/>\n<meta property=\"og:site_name\" content=\"Escola Oficial Patinatge Inline\" \/>\n<meta property=\"article:published_time\" content=\"2010-10-20T12:00:59+00:00\" \/>\n<meta name=\"author\" content=\"adminbydev\" \/>\n<meta name=\"twitter:card\" content=\"summary_large_image\" \/>\n<meta name=\"twitter:label1\" content=\"Escrit per\" \/>\n\t<meta name=\"twitter:data1\" content=\"adminbydev\" \/>\n<script type=\"application\/ld+json\" class=\"yoast-schema-graph\">{\"@context\":\"https:\/\/schema.org\",\"@graph\":[{\"@type\":\"WebPage\",\"@id\":\"https:\/\/escolapatinatge.com\/ca\/30-de-setembre-i-2-doctubre-no-hi-haur%c3%a0-classes-3\/\",\"url\":\"https:\/\/escolapatinatge.com\/ca\/30-de-setembre-i-2-doctubre-no-hi-haur%c3%a0-classes-3\/\",\"name\":\"30 de setembre i 2 d&#039;octubre no hi haur\u00e0 classes - Escola Oficial Patinatge Inline\",\"isPartOf\":{\"@id\":\"https:\/\/escolapatinatge.com\/ca\/#website\"},\"datePublished\":\"2010-10-20T12:00:59+00:00\",\"dateModified\":\"2010-10-20T12:00:59+00:00\",\"author\":{\"@id\":\"https:\/\/escolapatinatge.com\/ca\/#\/schema\/person\/839c30492f7e0fcc5a53ec2e50395fe9\"},\"breadcrumb\":{\"@id\":\"https:\/\/escolapatinatge.com\/ca\/30-de-setembre-i-2-doctubre-no-hi-haur%c3%a0-classes-3\/#breadcrumb\"},\"inLanguage\":\"ca\",\"potentialAction\":[{\"@type\":\"ReadAction\",\"target\":[\"https:\/\/escolapatinatge.com\/ca\/30-de-setembre-i-2-doctubre-no-hi-haur%c3%a0-classes-3\/\"]}]},{\"@type\":\"BreadcrumbList\",\"@id\":\"https:\/\/escolapatinatge.com\/ca\/30-de-setembre-i-2-doctubre-no-hi-haur%c3%a0-classes-3\/#breadcrumb\",\"itemListElement\":[{\"@type\":\"ListItem\",\"position\":1,\"name\":\"Inici\",\"item\":\"https:\/\/escolapatinatge.com\/ca\/\"},{\"@type\":\"ListItem\",\"position\":2,\"name\":\"30 de setembre i 2 d&#039;octubre no hi haur\u00e0 classes\"}]},{\"@type\":\"WebSite\",\"@id\":\"https:\/\/escolapatinatge.com\/ca\/#website\",\"url\":\"https:\/\/escolapatinatge.com\/ca\/\",\"name\":\"Escola Oficial Patinatge Inline\",\"description\":\"Classes de patinatge a Barcelona. Apr\u00e8n a patinar a la millor escola de patinatge. Cursos per totes les edats i nivells.\",\"potentialAction\":[{\"@type\":\"SearchAction\",\"target\":{\"@type\":\"EntryPoint\",\"urlTemplate\":\"https:\/\/escolapatinatge.com\/ca\/?s={search_term_string}\"},\"query-input\":\"required name=search_term_string\"}],\"inLanguage\":\"ca\"},{\"@type\":\"Person\",\"@id\":\"https:\/\/escolapatinatge.com\/ca\/#\/schema\/person\/839c30492f7e0fcc5a53ec2e50395fe9\",\"name\":\"adminbydev\",\"image\":{\"@type\":\"ImageObject\",\"inLanguage\":\"ca\",\"@id\":\"https:\/\/escolapatinatge.com\/ca\/#\/schema\/person\/image\/\",\"url\":\"https:\/\/secure.gravatar.com\/avatar\/6345b6a3a7c33fd90b825b841c66d2f7?s=96&d=mm&r=g\",\"contentUrl\":\"https:\/\/secure.gravatar.com\/avatar\/6345b6a3a7c33fd90b825b841c66d2f7?s=96&d=mm&r=g\",\"caption\":\"adminbydev\"},\"url\":\"https:\/\/escolapatinatge.com\/ca\/author\/adminbydev\/\"}]}<\/script>\n<!-- \/ Yoast SEO plugin. -->","yoast_head_json":{"title":"30 de setembre i 2 d&#039;octubre no hi haur\u00e0 classes - Escola Oficial Patinatge Inline","robots":{"index":"index","follow":"follow","max-snippet":"max-snippet:-1","max-image-preview":"max-image-preview:large","max-video-preview":"max-video-preview:-1"},"canonical":"https:\/\/escolapatinatge.com\/ca\/30-de-setembre-i-2-doctubre-no-hi-haur\u00e0-classes-3\/","og_locale":"ca_ES","og_type":"article","og_title":"30 de setembre i 2 d&#039;octubre no hi haur\u00e0 classes - Escola Oficial Patinatge Inline","og_description":"Tot i que no s\u00f3n festes, el dijous 30 de setembre i dissabte 2 d&#8217;octubre no hi haur\u00e0 classes de patinatge a l&#8217;Estaci\u00f3 del Nord ja que amb motiu de la Fira del Disc les pistas estaran ocupades. Afegiu siusplau aquests dos dies a la llista de festius del curs (que podeu consultar al nostre [&hellip;]","og_url":"https:\/\/escolapatinatge.com\/ca\/30-de-setembre-i-2-doctubre-no-hi-haur\u00e0-classes-3\/","og_site_name":"Escola Oficial Patinatge Inline","article_published_time":"2010-10-20T12:00:59+00:00","author":"adminbydev","twitter_card":"summary_large_image","twitter_misc":{"Escrit per":"adminbydev"},"schema":{"@context":"https:\/\/schema.org","@graph":[{"@type":"WebPage","@id":"https:\/\/escolapatinatge.com\/ca\/30-de-setembre-i-2-doctubre-no-hi-haur%c3%a0-classes-3\/","url":"https:\/\/escolapatinatge.com\/ca\/30-de-setembre-i-2-doctubre-no-hi-haur%c3%a0-classes-3\/","name":"30 de setembre i 2 d&#039;octubre no hi haur\u00e0 classes - Escola Oficial Patinatge Inline","isPartOf":{"@id":"https:\/\/escolapatinatge.com\/ca\/#website"},"datePublished":"2010-10-20T12:00:59+00:00","dateModified":"2010-10-20T12:00:59+00:00","author":{"@id":"https:\/\/escolapatinatge.com\/ca\/#\/schema\/person\/839c30492f7e0fcc5a53ec2e50395fe9"},"breadcrumb":{"@id":"https:\/\/escolapatinatge.com\/ca\/30-de-setembre-i-2-doctubre-no-hi-haur%c3%a0-classes-3\/#breadcrumb"},"inLanguage":"ca","potentialAction":[{"@type":"ReadAction","target":["https:\/\/escolapatinatge.com\/ca\/30-de-setembre-i-2-doctubre-no-hi-haur%c3%a0-classes-3\/"]}]},{"@type":"BreadcrumbList","@id":"https:\/\/escolapatinatge.com\/ca\/30-de-setembre-i-2-doctubre-no-hi-haur%c3%a0-classes-3\/#breadcrumb","itemListElement":[{"@type":"ListItem","position":1,"name":"Inici","item":"https:\/\/escolapatinatge.com\/ca\/"},{"@type":"ListItem","position":2,"name":"30 de setembre i 2 d&#039;octubre no hi haur\u00e0 classes"}]},{"@type":"WebSite","@id":"https:\/\/escolapatinatge.com\/ca\/#website","url":"https:\/\/escolapatinatge.com\/ca\/","name":"Escola Oficial Patinatge Inline","description":"Classes de patinatge a Barcelona. Apr\u00e8n a patinar a la millor escola de patinatge. Cursos per totes les edats i nivells.","potentialAction":[{"@type":"SearchAction","target":{"@type":"EntryPoint","urlTemplate":"https:\/\/escolapatinatge.com\/ca\/?s={search_term_string}"},"query-input":"required name=search_term_string"}],"inLanguage":"ca"},{"@type":"Person","@id":"https:\/\/escolapatinatge.com\/ca\/#\/schema\/person\/839c30492f7e0fcc5a53ec2e50395fe9","name":"adminbydev","image":{"@type":"ImageObject","inLanguage":"ca","@id":"https:\/\/escolapatinatge.com\/ca\/#\/schema\/person\/image\/","url":"https:\/\/secure.gravatar.com\/avatar\/6345b6a3a7c33fd90b825b841c66d2f7?s=96&d=mm&r=g","contentUrl":"https:\/\/secure.gravatar.com\/avatar\/6345b6a3a7c33fd90b825b841c66d2f7?s=96&d=mm&r=g","caption":"adminbydev"},"url":"https:\/\/escolapatinatge.com\/ca\/author\/adminbydev\/"}]}},"featured_image_src":" ","featured_image_src_square":" ","author_info":{"display_name":"adminbydev","author_link":"https:\/\/escolapatinatge.com\/ca\/author\/adminbydev\/"},"category_info":"<a href=\"https:\/\/escolapatinatge.com\/ca\/category\/sense-categoria\/\" rel=\"category tag\">Sense categoria<\/a>","tags_info":"","social_share_info":"<a data-share=\"facebook\" href=\"https:\/\/www.facebook.com\/sharer.php?u=https:\/\/escolapatinatge.com\/ca\/30-de-setembre-i-2-doctubre-no-hi-haur%c3%a0-classes-3\/\" class=\"pl-facebook-share social-share-default pl-social-share\" target=\"_blank\"><i class=\"fab fa-facebook-f\" aria-hidden=\"true\"><\/i><\/a><a data-share=\"twitter\" href=\"https:\/\/twitter.com\/share?url=https:\/\/escolapatinatge.com\/ca\/30-de-setembre-i-2-doctubre-no-hi-haur%c3%a0-classes-3\/\" class=\"pl-twiiter-share social-share-default pl-social-share\" target=\"_blank\"><i class=\"fab fa-twitter\" aria-hidden=\"true\"><\/i><\/a><a data-share=\"linkedin\" href=\"https:\/\/www.linkedin.com\/shareArticle?url=https:\/\/escolapatinatge.com\/ca\/30-de-setembre-i-2-doctubre-no-hi-haur%c3%a0-classes-3\/\" class=\"pl-linkedin-share social-share-default pl-social-share\" target=\"_blank\"><i class=\"fab fa-linkedin-in\" aria-hidden=\"true\"><\/i><\/a>","wordExcerpt_info":"<p>Tot i que no s\u00f3n festes, el dijous 30 de setembre i dissabte 2 d&#8217;octubre no hi haur\u00e0 classes de patinatge a l&#8217;Estaci\u00f3 del Nord ja que amb motiu de la Fira del Disc les pistas estaran ocupades.<br \/>\nAfegiu siusplau aquests dos dies a la llista de festius del curs (que podeu consultar al nostre calendari). Per descomptat podeu recuperar aquestes clases qualsevol altre dia en el seu mes corresponent.<br \/>\nDisculpeu les  mol\u00e8sties que aix\u00f2 us pugui ocasionar.<\/p>\n","comment_info":"No Comments","_links":{"self":[{"href":"https:\/\/escolapatinatge.com\/ca\/wp-json\/wp\/v2\/posts\/2018"}],"collection":[{"href":"https:\/\/escolapatinatge.com\/ca\/wp-json\/wp\/v2\/posts"}],"about":[{"href":"https:\/\/escolapatinatge.com\/ca\/wp-json\/wp\/v2\/types\/post"}],"author":[{"embeddable":true,"href":"https:\/\/escolapatinatge.com\/ca\/wp-json\/wp\/v2\/users\/1"}],"replies":[{"embeddable":true,"href":"https:\/\/escolapatinatge.com\/ca\/wp-json\/wp\/v2\/comments?post=2018"}],"version-history":[{"count":0,"href":"https:\/\/escolapatinatge.com\/ca\/wp-json\/wp\/v2\/posts\/2018\/revisions"}],"wp:attachment":[{"href":"https:\/\/escolapatinatge.com\/ca\/wp-json\/wp\/v2\/media?parent=2018"}],"wp:term":[{"taxonomy":"category","embeddable":true,"href":"https:\/\/escolapatinatge.com\/ca\/wp-json\/wp\/v2\/categories?post=2018"},{"taxonomy":"post_tag","embeddable":true,"href":"https:\/\/escolapatinatge.com\/ca\/wp-json\/wp\/v2\/tags?post=2018"}],"curies":[{"name":"wp","href":"https:\/\/api.w.org\/{rel}","templated":true}]}}