{"id":7254,"date":"2015-07-31T12:04:14","date_gmt":"2015-07-31T10:04:14","guid":{"rendered":"http:\/\/escolapatinatge.com\/?p=7254"},"modified":"2015-07-31T12:04:14","modified_gmt":"2015-07-31T10:04:14","slug":"pengem-la-samarreta-fins-al-dissabte-5-de-setembre","status":"publish","type":"post","link":"https:\/\/escolapatinatge.com\/ca\/pengem-la-samarreta-fins-al-dissabte-5-de-setembre\/","title":{"rendered":"Pengem la samarreta fins al dissabte 5 de setembre!"},"content":{"rendered":"<p>Benvolguts patinadors,<br \/>\nUn any m\u00e9s tanquem la paradeta per fer unes merescudes vacances!<br \/>\nMoltes, molt\u00edssimes gr\u00e0cies per estar amb nosaltres un any m\u00e9s gaudint dels patins i fent-nos gaudir a tot l&#8217;equip del que m\u00e9s ens agrada fer: ensenyar a patinar.<\/p>\n<div>\nAl setembre tornarem a la c\u00e0rrega amb moltes novetats! A mitjans d&#8217;agost enviarem a alumnes i exalumnes un email amb tota la informaci\u00f3 del proper curs, que tamb\u00e9 penjarem per aqu\u00ed.<br \/>\nUna abra\u00e7ada molt forta i ens veiem sobre rodes!\u00a0 \ud83d\ude00 <i><span style=\"text-decoration: underline;\"><br \/>\n<\/span><\/i>\n<\/div>\n<p><a href=\"http:\/\/escolapatinatge.com\/wp-content\/uploads\/2015\/07\/samarreta-monitor-2014-trasera.jpg\"><img decoding=\"async\" loading=\"lazy\" class=\"alignleft size-medium wp-image-7255\" alt=\"samarreta-monitor-2014-trasera\" src=\"http:\/\/escolapatinatge.com\/wp-content\/uploads\/2015\/07\/samarreta-monitor-2014-trasera-300x300.jpg\" width=\"300\" height=\"300\" \/><\/a><\/p>\n","protected":false},"excerpt":{"rendered":"<p>Benvolguts patinadors, Un any m\u00e9s tanquem la paradeta per fer unes merescudes vacances! Moltes, molt\u00edssimes gr\u00e0cies per estar amb nosaltres un any m\u00e9s gaudint dels patins i fent-nos gaudir a tot l&#8217;equip del que m\u00e9s ens agrada fer: ensenyar a patinar. Al setembre tornarem a la c\u00e0rrega amb moltes novetats! A mitjans d&#8217;agost enviarem a [&hellip;]<\/p>\n","protected":false},"author":1,"featured_media":0,"comment_status":"open","ping_status":"open","sticky":false,"template":"","format":"standard","meta":{"_mi_skip_tracking":false,"_monsterinsights_sitenote_active":false,"_monsterinsights_sitenote_note":"","_monsterinsights_sitenote_category":0},"categories":[41,44,45],"tags":[363],"yoast_head":"<!-- This site is optimized with the Yoast SEO plugin v20.8 - https:\/\/yoast.com\/wordpress\/plugins\/seo\/ -->\n<title>Pengem la samarreta fins al dissabte 5 de setembre! - Escola Oficial Patinatge Inline<\/title>\n<meta name=\"robots\" content=\"index, follow, max-snippet:-1, max-image-preview:large, max-video-preview:-1\" \/>\n<link rel=\"canonical\" href=\"https:\/\/escolapatinatge.com\/ca\/pengem-la-samarreta-fins-al-dissabte-5-de-setembre\/\" \/>\n<meta property=\"og:locale\" content=\"ca_ES\" \/>\n<meta property=\"og:type\" content=\"article\" \/>\n<meta property=\"og:title\" content=\"Pengem la samarreta fins al dissabte 5 de setembre! - Escola Oficial Patinatge Inline\" \/>\n<meta property=\"og:description\" content=\"Benvolguts patinadors, Un any m\u00e9s tanquem la paradeta per fer unes merescudes vacances! Moltes, molt\u00edssimes gr\u00e0cies per estar amb nosaltres un any m\u00e9s gaudint dels patins i fent-nos gaudir a tot l&#8217;equip del que m\u00e9s ens agrada fer: ensenyar a patinar. Al setembre tornarem a la c\u00e0rrega amb moltes novetats! A mitjans d&#8217;agost enviarem a [&hellip;]\" \/>\n<meta property=\"og:url\" content=\"https:\/\/escolapatinatge.com\/ca\/pengem-la-samarreta-fins-al-dissabte-5-de-setembre\/\" \/>\n<meta property=\"og:site_name\" content=\"Escola Oficial Patinatge Inline\" \/>\n<meta property=\"article:published_time\" content=\"2015-07-31T10:04:14+00:00\" \/>\n<meta property=\"og:image\" content=\"http:\/\/escolapatinatge.com\/wp-content\/uploads\/2015\/07\/samarreta-monitor-2014-trasera-300x300.jpg\" \/>\n<meta name=\"author\" content=\"adminbydev\" \/>\n<meta name=\"twitter:card\" content=\"summary_large_image\" \/>\n<meta name=\"twitter:label1\" content=\"Escrit per\" \/>\n\t<meta name=\"twitter:data1\" content=\"adminbydev\" \/>\n<script type=\"application\/ld+json\" class=\"yoast-schema-graph\">{\"@context\":\"https:\/\/schema.org\",\"@graph\":[{\"@type\":\"WebPage\",\"@id\":\"https:\/\/escolapatinatge.com\/ca\/pengem-la-samarreta-fins-al-dissabte-5-de-setembre\/\",\"url\":\"https:\/\/escolapatinatge.com\/ca\/pengem-la-samarreta-fins-al-dissabte-5-de-setembre\/\",\"name\":\"Pengem la samarreta fins al dissabte 5 de setembre! - Escola Oficial Patinatge Inline\",\"isPartOf\":{\"@id\":\"https:\/\/escolapatinatge.com\/ca\/#website\"},\"datePublished\":\"2015-07-31T10:04:14+00:00\",\"dateModified\":\"2015-07-31T10:04:14+00:00\",\"author\":{\"@id\":\"https:\/\/escolapatinatge.com\/ca\/#\/schema\/person\/839c30492f7e0fcc5a53ec2e50395fe9\"},\"breadcrumb\":{\"@id\":\"https:\/\/escolapatinatge.com\/ca\/pengem-la-samarreta-fins-al-dissabte-5-de-setembre\/#breadcrumb\"},\"inLanguage\":\"ca\",\"potentialAction\":[{\"@type\":\"ReadAction\",\"target\":[\"https:\/\/escolapatinatge.com\/ca\/pengem-la-samarreta-fins-al-dissabte-5-de-setembre\/\"]}]},{\"@type\":\"BreadcrumbList\",\"@id\":\"https:\/\/escolapatinatge.com\/ca\/pengem-la-samarreta-fins-al-dissabte-5-de-setembre\/#breadcrumb\",\"itemListElement\":[{\"@type\":\"ListItem\",\"position\":1,\"name\":\"Inici\",\"item\":\"http:\/\/escolapatinatge.com\/ca\/\"},{\"@type\":\"ListItem\",\"position\":2,\"name\":\"Pengem la samarreta fins al dissabte 5 de setembre!\"}]},{\"@type\":\"WebSite\",\"@id\":\"https:\/\/escolapatinatge.com\/ca\/#website\",\"url\":\"https:\/\/escolapatinatge.com\/ca\/\",\"name\":\"Escola Oficial Patinatge Inline\",\"description\":\"Classes de patinatge a Barcelona. Apr\u00e8n a patinar a la millor escola de patinatge. Cursos per totes les edats i nivells.\",\"potentialAction\":[{\"@type\":\"SearchAction\",\"target\":{\"@type\":\"EntryPoint\",\"urlTemplate\":\"https:\/\/escolapatinatge.com\/ca\/?s={search_term_string}\"},\"query-input\":\"required name=search_term_string\"}],\"inLanguage\":\"ca\"},{\"@type\":\"Person\",\"@id\":\"https:\/\/escolapatinatge.com\/ca\/#\/schema\/person\/839c30492f7e0fcc5a53ec2e50395fe9\",\"name\":\"adminbydev\",\"image\":{\"@type\":\"ImageObject\",\"inLanguage\":\"ca\",\"@id\":\"https:\/\/escolapatinatge.com\/ca\/#\/schema\/person\/image\/\",\"url\":\"https:\/\/secure.gravatar.com\/avatar\/6345b6a3a7c33fd90b825b841c66d2f7?s=96&d=mm&r=g\",\"contentUrl\":\"https:\/\/secure.gravatar.com\/avatar\/6345b6a3a7c33fd90b825b841c66d2f7?s=96&d=mm&r=g\",\"caption\":\"adminbydev\"},\"url\":\"https:\/\/escolapatinatge.com\/ca\/author\/adminbydev\/\"}]}<\/script>\n<!-- \/ Yoast SEO plugin. -->","yoast_head_json":{"title":"Pengem la samarreta fins al dissabte 5 de setembre! - Escola Oficial Patinatge Inline","robots":{"index":"index","follow":"follow","max-snippet":"max-snippet:-1","max-image-preview":"max-image-preview:large","max-video-preview":"max-video-preview:-1"},"canonical":"https:\/\/escolapatinatge.com\/ca\/pengem-la-samarreta-fins-al-dissabte-5-de-setembre\/","og_locale":"ca_ES","og_type":"article","og_title":"Pengem la samarreta fins al dissabte 5 de setembre! - Escola Oficial Patinatge Inline","og_description":"Benvolguts patinadors, Un any m\u00e9s tanquem la paradeta per fer unes merescudes vacances! Moltes, molt\u00edssimes gr\u00e0cies per estar amb nosaltres un any m\u00e9s gaudint dels patins i fent-nos gaudir a tot l&#8217;equip del que m\u00e9s ens agrada fer: ensenyar a patinar. Al setembre tornarem a la c\u00e0rrega amb moltes novetats! A mitjans d&#8217;agost enviarem a [&hellip;]","og_url":"https:\/\/escolapatinatge.com\/ca\/pengem-la-samarreta-fins-al-dissabte-5-de-setembre\/","og_site_name":"Escola Oficial Patinatge Inline","article_published_time":"2015-07-31T10:04:14+00:00","og_image":[{"url":"http:\/\/escolapatinatge.com\/wp-content\/uploads\/2015\/07\/samarreta-monitor-2014-trasera-300x300.jpg"}],"author":"adminbydev","twitter_card":"summary_large_image","twitter_misc":{"Escrit per":"adminbydev"},"schema":{"@context":"https:\/\/schema.org","@graph":[{"@type":"WebPage","@id":"https:\/\/escolapatinatge.com\/ca\/pengem-la-samarreta-fins-al-dissabte-5-de-setembre\/","url":"https:\/\/escolapatinatge.com\/ca\/pengem-la-samarreta-fins-al-dissabte-5-de-setembre\/","name":"Pengem la samarreta fins al dissabte 5 de setembre! - Escola Oficial Patinatge Inline","isPartOf":{"@id":"https:\/\/escolapatinatge.com\/ca\/#website"},"datePublished":"2015-07-31T10:04:14+00:00","dateModified":"2015-07-31T10:04:14+00:00","author":{"@id":"https:\/\/escolapatinatge.com\/ca\/#\/schema\/person\/839c30492f7e0fcc5a53ec2e50395fe9"},"breadcrumb":{"@id":"https:\/\/escolapatinatge.com\/ca\/pengem-la-samarreta-fins-al-dissabte-5-de-setembre\/#breadcrumb"},"inLanguage":"ca","potentialAction":[{"@type":"ReadAction","target":["https:\/\/escolapatinatge.com\/ca\/pengem-la-samarreta-fins-al-dissabte-5-de-setembre\/"]}]},{"@type":"BreadcrumbList","@id":"https:\/\/escolapatinatge.com\/ca\/pengem-la-samarreta-fins-al-dissabte-5-de-setembre\/#breadcrumb","itemListElement":[{"@type":"ListItem","position":1,"name":"Inici","item":"http:\/\/escolapatinatge.com\/ca\/"},{"@type":"ListItem","position":2,"name":"Pengem la samarreta fins al dissabte 5 de setembre!"}]},{"@type":"WebSite","@id":"https:\/\/escolapatinatge.com\/ca\/#website","url":"https:\/\/escolapatinatge.com\/ca\/","name":"Escola Oficial Patinatge Inline","description":"Classes de patinatge a Barcelona. Apr\u00e8n a patinar a la millor escola de patinatge. Cursos per totes les edats i nivells.","potentialAction":[{"@type":"SearchAction","target":{"@type":"EntryPoint","urlTemplate":"https:\/\/escolapatinatge.com\/ca\/?s={search_term_string}"},"query-input":"required name=search_term_string"}],"inLanguage":"ca"},{"@type":"Person","@id":"https:\/\/escolapatinatge.com\/ca\/#\/schema\/person\/839c30492f7e0fcc5a53ec2e50395fe9","name":"adminbydev","image":{"@type":"ImageObject","inLanguage":"ca","@id":"https:\/\/escolapatinatge.com\/ca\/#\/schema\/person\/image\/","url":"https:\/\/secure.gravatar.com\/avatar\/6345b6a3a7c33fd90b825b841c66d2f7?s=96&d=mm&r=g","contentUrl":"https:\/\/secure.gravatar.com\/avatar\/6345b6a3a7c33fd90b825b841c66d2f7?s=96&d=mm&r=g","caption":"adminbydev"},"url":"https:\/\/escolapatinatge.com\/ca\/author\/adminbydev\/"}]}},"featured_image_src":" ","featured_image_src_square":" ","author_info":{"display_name":"adminbydev","author_link":"https:\/\/escolapatinatge.com\/ca\/author\/adminbydev\/"},"category_info":"<a href=\"https:\/\/escolapatinatge.com\/ca\/category\/esdeveniments\/\" rel=\"category tag\">Esdeveniments<\/a>,<a href=\"https:\/\/escolapatinatge.com\/ca\/category\/rutes-de-patinatge\/\" rel=\"category tag\">Rutes de Patinatge<\/a>,<a href=\"https:\/\/escolapatinatge.com\/ca\/category\/ultima-hora\/\" rel=\"category tag\">\u00daltima hora<\/a>","tags_info":"<a href=\"https:\/\/escolapatinatge.com\/ca\/tag\/de-vacances\/\" rel=\"tag\">de vacances<\/a>","social_share_info":"<a data-share=\"facebook\" href=\"https:\/\/www.facebook.com\/sharer.php?u=https:\/\/escolapatinatge.com\/ca\/pengem-la-samarreta-fins-al-dissabte-5-de-setembre\/\" class=\"pl-facebook-share social-share-default pl-social-share\" target=\"_blank\"><i class=\"fab fa-facebook-f\" aria-hidden=\"true\"><\/i><\/a><a data-share=\"twitter\" href=\"https:\/\/twitter.com\/share?url=https:\/\/escolapatinatge.com\/ca\/pengem-la-samarreta-fins-al-dissabte-5-de-setembre\/\" class=\"pl-twiiter-share social-share-default pl-social-share\" target=\"_blank\"><i class=\"fab fa-twitter\" aria-hidden=\"true\"><\/i><\/a><a data-share=\"linkedin\" href=\"https:\/\/www.linkedin.com\/shareArticle?url=https:\/\/escolapatinatge.com\/ca\/pengem-la-samarreta-fins-al-dissabte-5-de-setembre\/\" class=\"pl-linkedin-share social-share-default pl-social-share\" target=\"_blank\"><i class=\"fab fa-linkedin-in\" aria-hidden=\"true\"><\/i><\/a>","wordExcerpt_info":"<p>Benvolguts patinadors,<br \/>\nUn any m\u00e9s tanquem la paradeta per fer unes merescudes vacances!<br \/>\nMoltes, molt\u00edssimes gr\u00e0cies per estar amb nosaltres un any m\u00e9s gaudint dels patins i fent-nos gaudir a tot l&#8217;equip del que m\u00e9s ens agrada fer: ensenyar a patinar.<\/p>\n<div>\nAl setembre tornarem a la c\u00e0rrega amb moltes novetats! A mitjans d&#8217;agost enviarem a alumnes i exalumnes un email amb tota la informaci\u00f3 del proper curs, que tamb\u00e9 penjarem per aqu\u00ed.<br \/>\nUna abra\u00e7ada molt forta i ens veiem sobre rodes!\u00a0 \ud83d\ude00 <i><span style=\"text-decoration: underline\"><br \/>\n<\/span><\/i>\n<\/div>\n<p><a href=\"http:\/\/escolapatinatge.com\/wp-content\/uploads\/2015\/07\/samarreta-monitor-2014-trasera.jpg\"><img loading=\"lazy\" class=\"alignleft size-medium wp-image-7255\" alt=\"samarreta-monitor-2014-trasera\" src=\"http:\/\/escolapatinatge.com\/wp-content\/uploads\/2015\/07\/samarreta-monitor-2014-trasera-300x300.jpg\" width=\"300\" height=\"300\" \/><\/a><\/p>\n","comment_info":"No Comments","_links":{"self":[{"href":"https:\/\/escolapatinatge.com\/ca\/wp-json\/wp\/v2\/posts\/7254"}],"collection":[{"href":"https:\/\/escolapatinatge.com\/ca\/wp-json\/wp\/v2\/posts"}],"about":[{"href":"https:\/\/escolapatinatge.com\/ca\/wp-json\/wp\/v2\/types\/post"}],"author":[{"embeddable":true,"href":"https:\/\/escolapatinatge.com\/ca\/wp-json\/wp\/v2\/users\/1"}],"replies":[{"embeddable":true,"href":"https:\/\/escolapatinatge.com\/ca\/wp-json\/wp\/v2\/comments?post=7254"}],"version-history":[{"count":0,"href":"https:\/\/escolapatinatge.com\/ca\/wp-json\/wp\/v2\/posts\/7254\/revisions"}],"wp:attachment":[{"href":"https:\/\/escolapatinatge.com\/ca\/wp-json\/wp\/v2\/media?parent=7254"}],"wp:term":[{"taxonomy":"category","embeddable":true,"href":"https:\/\/escolapatinatge.com\/ca\/wp-json\/wp\/v2\/categories?post=7254"},{"taxonomy":"post_tag","embeddable":true,"href":"https:\/\/escolapatinatge.com\/ca\/wp-json\/wp\/v2\/tags?post=7254"}],"curies":[{"name":"wp","href":"https:\/\/api.w.org\/{rel}","templated":true}]}}